{"id":10816,"date":"2025-07-15T21:25:55","date_gmt":"2025-07-15T19:25:55","guid":{"rendered":"https:\/\/esperanto-nederland.nl\/?p=10816"},"modified":"2025-09-08T20:28:15","modified_gmt":"2025-09-08T18:28:15","slug":"jarkunveno-majo-2025","status":"publish","type":"post","link":"https:\/\/esperanto-nederland.nl\/index.php\/eo\/2025\/07\/15\/jarkunveno-majo-2025\/","title":{"rendered":"Jarkunveno majo 2025"},"content":{"rendered":"\n<figure data-wp-context=\"{&quot;imageId&quot;:&quot;69f38f92cfce3&quot;}\" data-wp-interactive=\"core\/image\" class=\"wp-block-image size-large is-resized wp-lightbox-container\"><img loading=\"lazy\" decoding=\"async\" width=\"1024\" height=\"768\" data-wp-class--hide=\"state.isContentHidden\" data-wp-class--show=\"state.isContentVisible\" data-wp-init=\"callbacks.setButtonStyles\" data-wp-on-async--click=\"actions.showLightbox\" data-wp-on-async--load=\"callbacks.setButtonStyles\" data-wp-on-async-window--resize=\"callbacks.setButtonStyles\" src=\"https:\/\/esperanto-nederland.nl\/wp-content\/uploads\/2025\/07\/IMG_8384verkliend-1200p-1024x768.jpg\" alt=\"\" class=\"wp-image-10806\" style=\"width:450px\" srcset=\"https:\/\/esperanto-nederland.nl\/wp-content\/uploads\/2025\/07\/IMG_8384verkliend-1200p-1024x768.jpg 1024w, https:\/\/esperanto-nederland.nl\/wp-content\/uploads\/2025\/07\/IMG_8384verkliend-1200p-300x225.jpg 300w, https:\/\/esperanto-nederland.nl\/wp-content\/uploads\/2025\/07\/IMG_8384verkliend-1200p-200x150.jpg 200w, https:\/\/esperanto-nederland.nl\/wp-content\/uploads\/2025\/07\/IMG_8384verkliend-1200p-768x576.jpg 768w, https:\/\/esperanto-nederland.nl\/wp-content\/uploads\/2025\/07\/IMG_8384verkliend-1200p-507x380.jpg 507w, https:\/\/esperanto-nederland.nl\/wp-content\/uploads\/2025\/07\/IMG_8384verkliend-1200p.jpg 1200w\" sizes=\"auto, (max-width: 1024px) 100vw, 1024px\" \/><button\n\t\t\tclass=\"lightbox-trigger\"\n\t\t\ttype=\"button\"\n\t\t\taria-haspopup=\"dialog\"\n\t\t\taria-label=\"Vergroten\"\n\t\t\tdata-wp-init=\"callbacks.initTriggerButton\"\n\t\t\tdata-wp-on-async--click=\"actions.showLightbox\"\n\t\t\tdata-wp-style--right=\"state.imageButtonRight\"\n\t\t\tdata-wp-style--top=\"state.imageButtonTop\"\n\t\t>\n\t\t\t<svg xmlns=\"http:\/\/www.w3.org\/2000\/svg\" width=\"12\" height=\"12\" fill=\"none\" viewBox=\"0 0 12 12\">\n\t\t\t\t<path fill=\"#fff\" d=\"M2 0a2 2 0 0 0-2 2v2h1.5V2a.5.5 0 0 1 .5-.5h2V0H2Zm2 10.5H2a.5.5 0 0 1-.5-.5V8H0v2a2 2 0 0 0 2 2h2v-1.5ZM8 12v-1.5h2a.5.5 0 0 0 .5-.5V8H12v2a2 2 0 0 1-2 2H8Zm2-12a2 2 0 0 1 2 2v2h-1.5V2a.5.5 0 0 0-.5-.5H8V0h2Z\" \/>\n\t\t\t<\/svg>\n\t\t<\/button><\/figure>\n\n\n\n<p>Dum la posttagmezo, la 10-an de majo 2025,&nbsp; okazis la membrokunveno. Vi certe legos la oficialan raporton aliloke, sed \u0109i tie kelkajn fotojn.<\/p>\n\n\n\n<p>La Verloren van Themaat-premion ricevis Ankie van der Meer kaj Nanne Kalma (kantogrupo Kajto). En 2024 ili multe koncertis kaj preska\u016d \u0109ie ili parolis pri Esperanto. En Frisa gazeto aperis longa artikolo kaj krome&nbsp; estis du intervjuoj en la Frisa Radio. Ili meritis ricevi la premion. Ili prezentis la kanton \u0108i Tiu Tag\u2019. \u0108iuj \u0109eestantoj kantis la kanton entuziasme! Poste Ankie kaj Nanne&nbsp; rapide foriris, \u0109ar du koncertoj en Frislando atendis ilin!<\/p>\n\n\n\n<p><a href=\"https:\/\/www.youtube.com\/watch?v=Zc2vD799h5U\" target=\"_blank\" rel=\"noreferrer noopener\">\u0108i Tiu Tag&#8217;<\/a><\/p>\n\n\n\n<!--more-->\n\n\n\n<p>Estis studento el Kampen, kiu interesi\u011dis pri Esperanto. Li parolis kun kelkaj el la \u0109eestantoj.<\/p>\n\n\n\n<p>Loes Demmendaal forlasis la estraron kaj Kees Neeft i\u011dis nia kasisto.<\/p>\n\n\n\n<p>Fotoj de Katalin Kovats kaj Ineke Emmelkamp<br>Ineke Emmelkamp<\/p>\n\n\n\n<p><\/p>\n\n\n\n<figure class=\"wp-block-gallery has-nested-images columns-4 is-cropped wp-block-gallery-2 is-layout-flex wp-block-gallery-is-layout-flex\">\n<figure class=\"wp-block-image size-large\"><a href=\"https:\/\/esperanto-nederland.nl\/wp-content\/uploads\/2025\/07\/IMG_0057verkleind-800p.jpg\"><img loading=\"lazy\" decoding=\"async\" width=\"800\" height=\"838\" data-id=\"10808\" src=\"https:\/\/esperanto-nederland.nl\/wp-content\/uploads\/2025\/07\/IMG_0057verkleind-800p.jpg\" alt=\"\" class=\"wp-image-10808\" srcset=\"https:\/\/esperanto-nederland.nl\/wp-content\/uploads\/2025\/07\/IMG_0057verkleind-800p.jpg 800w, https:\/\/esperanto-nederland.nl\/wp-content\/uploads\/2025\/07\/IMG_0057verkleind-800p-286x300.jpg 286w, https:\/\/esperanto-nederland.nl\/wp-content\/uploads\/2025\/07\/IMG_0057verkleind-800p-768x804.jpg 768w, https:\/\/esperanto-nederland.nl\/wp-content\/uploads\/2025\/07\/IMG_0057verkleind-800p-363x380.jpg 363w\" sizes=\"auto, (max-width: 800px) 100vw, 800px\" \/><\/a><\/figure>\n\n\n\n<figure class=\"wp-block-image size-large\"><a href=\"https:\/\/esperanto-nederland.nl\/wp-content\/uploads\/2025\/07\/IMG_0077verkleind-1200p.jpg\"><img loading=\"lazy\" decoding=\"async\" width=\"1024\" height=\"615\" data-id=\"10810\" src=\"https:\/\/esperanto-nederland.nl\/wp-content\/uploads\/2025\/07\/IMG_0077verkleind-1200p-1024x615.jpg\" alt=\"\" class=\"wp-image-10810\" srcset=\"https:\/\/esperanto-nederland.nl\/wp-content\/uploads\/2025\/07\/IMG_0077verkleind-1200p-1024x615.jpg 1024w, https:\/\/esperanto-nederland.nl\/wp-content\/uploads\/2025\/07\/IMG_0077verkleind-1200p-300x180.jpg 300w, https:\/\/esperanto-nederland.nl\/wp-content\/uploads\/2025\/07\/IMG_0077verkleind-1200p-768x461.jpg 768w, https:\/\/esperanto-nederland.nl\/wp-content\/uploads\/2025\/07\/IMG_0077verkleind-1200p-632x380.jpg 632w, https:\/\/esperanto-nederland.nl\/wp-content\/uploads\/2025\/07\/IMG_0077verkleind-1200p.jpg 1200w\" sizes=\"auto, (max-width: 1024px) 100vw, 1024px\" \/><\/a><\/figure>\n\n\n\n<figure class=\"wp-block-image size-large\"><a href=\"https:\/\/esperanto-nederland.nl\/wp-content\/uploads\/2025\/07\/IMG_8381vertkleind-1200p.jpg\"><img loading=\"lazy\" decoding=\"async\" width=\"1024\" height=\"768\" data-id=\"10809\" src=\"https:\/\/esperanto-nederland.nl\/wp-content\/uploads\/2025\/07\/IMG_8381vertkleind-1200p-1024x768.jpg\" alt=\"\" class=\"wp-image-10809\" srcset=\"https:\/\/esperanto-nederland.nl\/wp-content\/uploads\/2025\/07\/IMG_8381vertkleind-1200p-1024x768.jpg 1024w, https:\/\/esperanto-nederland.nl\/wp-content\/uploads\/2025\/07\/IMG_8381vertkleind-1200p-300x225.jpg 300w, https:\/\/esperanto-nederland.nl\/wp-content\/uploads\/2025\/07\/IMG_8381vertkleind-1200p-200x150.jpg 200w, https:\/\/esperanto-nederland.nl\/wp-content\/uploads\/2025\/07\/IMG_8381vertkleind-1200p-768x576.jpg 768w, https:\/\/esperanto-nederland.nl\/wp-content\/uploads\/2025\/07\/IMG_8381vertkleind-1200p-507x380.jpg 507w, https:\/\/esperanto-nederland.nl\/wp-content\/uploads\/2025\/07\/IMG_8381vertkleind-1200p.jpg 1200w\" sizes=\"auto, (max-width: 1024px) 100vw, 1024px\" \/><\/a><\/figure>\n\n\n\n<figure class=\"wp-block-image size-large\"><a href=\"https:\/\/esperanto-nederland.nl\/wp-content\/uploads\/2025\/07\/IMG_8388verkleind-800p-rotated.jpg\"><img loading=\"lazy\" decoding=\"async\" width=\"768\" height=\"1024\" data-id=\"10807\" src=\"https:\/\/esperanto-nederland.nl\/wp-content\/uploads\/2025\/07\/IMG_8388verkleind-800p-768x1024.jpg\" alt=\"\" class=\"wp-image-10807\" srcset=\"https:\/\/esperanto-nederland.nl\/wp-content\/uploads\/2025\/07\/IMG_8388verkleind-800p-768x1024.jpg 768w, https:\/\/esperanto-nederland.nl\/wp-content\/uploads\/2025\/07\/IMG_8388verkleind-800p-225x300.jpg 225w, https:\/\/esperanto-nederland.nl\/wp-content\/uploads\/2025\/07\/IMG_8388verkleind-800p-285x380.jpg 285w, https:\/\/esperanto-nederland.nl\/wp-content\/uploads\/2025\/07\/IMG_8388verkleind-800p-rotated.jpg 800w\" sizes=\"auto, (max-width: 768px) 100vw, 768px\" \/><\/a><\/figure>\n<\/figure>\n\n\n\n<figure class=\"wp-block-gallery has-nested-images columns-4 is-cropped wp-block-gallery-3 is-layout-flex wp-block-gallery-is-layout-flex\">\n<figure class=\"wp-block-image size-full\"><a href=\"https:\/\/esperanto-nederland.nl\/wp-content\/uploads\/2025\/07\/IMG_0057b-57.jpg\"><img loading=\"lazy\" decoding=\"async\" width=\"1487\" height=\"1550\" data-id=\"11107\" src=\"https:\/\/esperanto-nederland.nl\/wp-content\/uploads\/2025\/07\/IMG_0057b-57.jpg\" alt=\"\" class=\"wp-image-11107\" srcset=\"https:\/\/esperanto-nederland.nl\/wp-content\/uploads\/2025\/07\/IMG_0057b-57.jpg 1487w, https:\/\/esperanto-nederland.nl\/wp-content\/uploads\/2025\/07\/IMG_0057b-57-288x300.jpg 288w, https:\/\/esperanto-nederland.nl\/wp-content\/uploads\/2025\/07\/IMG_0057b-57-982x1024.jpg 982w, https:\/\/esperanto-nederland.nl\/wp-content\/uploads\/2025\/07\/IMG_0057b-57-768x801.jpg 768w, https:\/\/esperanto-nederland.nl\/wp-content\/uploads\/2025\/07\/IMG_0057b-57-1474x1536.jpg 1474w, https:\/\/esperanto-nederland.nl\/wp-content\/uploads\/2025\/07\/IMG_0057b-57-365x380.jpg 365w\" sizes=\"auto, (max-width: 1487px) 100vw, 1487px\" \/><\/a><\/figure>\n\n\n\n<figure class=\"wp-block-image size-large\"><a href=\"https:\/\/esperanto-nederland.nl\/wp-content\/uploads\/2025\/07\/IMG_0071-60-1.jpg\"><img loading=\"lazy\" decoding=\"async\" width=\"768\" height=\"1024\" data-id=\"11099\" src=\"https:\/\/esperanto-nederland.nl\/wp-content\/uploads\/2025\/07\/IMG_0071-60-1-768x1024.jpg\" alt=\"\" class=\"wp-image-11099\" srcset=\"https:\/\/esperanto-nederland.nl\/wp-content\/uploads\/2025\/07\/IMG_0071-60-1-768x1024.jpg 768w, https:\/\/esperanto-nederland.nl\/wp-content\/uploads\/2025\/07\/IMG_0071-60-1-225x300.jpg 225w, https:\/\/esperanto-nederland.nl\/wp-content\/uploads\/2025\/07\/IMG_0071-60-1-1152x1536.jpg 1152w, https:\/\/esperanto-nederland.nl\/wp-content\/uploads\/2025\/07\/IMG_0071-60-1-285x380.jpg 285w, https:\/\/esperanto-nederland.nl\/wp-content\/uploads\/2025\/07\/IMG_0071-60-1.jpg 1328w\" sizes=\"auto, (max-width: 768px) 100vw, 768px\" \/><\/a><\/figure>\n\n\n\n<figure class=\"wp-block-image size-large\"><a href=\"https:\/\/esperanto-nederland.nl\/wp-content\/uploads\/2025\/07\/IMG_0060-1.jpg\"><img loading=\"lazy\" decoding=\"async\" width=\"768\" height=\"1024\" data-id=\"11100\" src=\"https:\/\/esperanto-nederland.nl\/wp-content\/uploads\/2025\/07\/IMG_0060-1-768x1024.jpg\" alt=\"\" class=\"wp-image-11100\" srcset=\"https:\/\/esperanto-nederland.nl\/wp-content\/uploads\/2025\/07\/IMG_0060-1-768x1024.jpg 768w, https:\/\/esperanto-nederland.nl\/wp-content\/uploads\/2025\/07\/IMG_0060-1-225x300.jpg 225w, https:\/\/esperanto-nederland.nl\/wp-content\/uploads\/2025\/07\/IMG_0060-1-285x380.jpg 285w, https:\/\/esperanto-nederland.nl\/wp-content\/uploads\/2025\/07\/IMG_0060-1.jpg 1058w\" sizes=\"auto, (max-width: 768px) 100vw, 768px\" \/><\/a><\/figure>\n\n\n\n<figure class=\"wp-block-image size-large\"><a href=\"https:\/\/esperanto-nederland.nl\/wp-content\/uploads\/2025\/07\/IMG_0073-54-1.jpg\"><img loading=\"lazy\" decoding=\"async\" width=\"768\" height=\"1024\" data-id=\"11101\" src=\"https:\/\/esperanto-nederland.nl\/wp-content\/uploads\/2025\/07\/IMG_0073-54-1-768x1024.jpg\" alt=\"\" class=\"wp-image-11101\" srcset=\"https:\/\/esperanto-nederland.nl\/wp-content\/uploads\/2025\/07\/IMG_0073-54-1-768x1024.jpg 768w, https:\/\/esperanto-nederland.nl\/wp-content\/uploads\/2025\/07\/IMG_0073-54-1-225x300.jpg 225w, https:\/\/esperanto-nederland.nl\/wp-content\/uploads\/2025\/07\/IMG_0073-54-1-1152x1536.jpg 1152w, https:\/\/esperanto-nederland.nl\/wp-content\/uploads\/2025\/07\/IMG_0073-54-1-285x380.jpg 285w, https:\/\/esperanto-nederland.nl\/wp-content\/uploads\/2025\/07\/IMG_0073-54-1.jpg 1156w\" sizes=\"auto, (max-width: 768px) 100vw, 768px\" \/><\/a><\/figure>\n<\/figure>\n\n\n\n<p><\/p>\n\n\n\n<p><\/p>\n","protected":false},"excerpt":{"rendered":"<p>Dum la posttagmezo, la 10-an de majo 2025,&nbsp; okazis la membrokunveno. Vi certe legos la oficialan raporton aliloke, sed \u0109i tie kelkajn fotojn. La Verloren van Themaat-premion ricevis Ankie van der Meer kaj Nanne Kalma (kantogrupo Kajto). En 2024 ili multe koncertis kaj preska\u016d \u0109ie ili parolis pri Esperanto. En Frisa gazeto aperis longa artikolo &hellip; <a href=\"https:\/\/esperanto-nederland.nl\/index.php\/eo\/2025\/07\/15\/jarkunveno-majo-2025\/\" class=\"more-link\">Verder lezen <span class=\"screen-reader-text\">Jarkunveno majo 2025<\/span><\/a><\/p>\n","protected":false},"author":15,"featured_media":0,"comment_status":"closed","ping_status":"closed","sticky":false,"template":"","format":"standard","meta":{"footnotes":""},"categories":[1],"tags":[],"class_list":["post-10816","post","type-post","status-publish","format-standard","hentry","category-novajxoj","without-featured-image"],"_links":{"self":[{"href":"https:\/\/esperanto-nederland.nl\/index.php\/wp-json\/wp\/v2\/posts\/10816","targetHints":{"allow":["GET"]}}],"collection":[{"href":"https:\/\/esperanto-nederland.nl\/index.php\/wp-json\/wp\/v2\/posts"}],"about":[{"href":"https:\/\/esperanto-nederland.nl\/index.php\/wp-json\/wp\/v2\/types\/post"}],"author":[{"embeddable":true,"href":"https:\/\/esperanto-nederland.nl\/index.php\/wp-json\/wp\/v2\/users\/15"}],"replies":[{"embeddable":true,"href":"https:\/\/esperanto-nederland.nl\/index.php\/wp-json\/wp\/v2\/comments?post=10816"}],"version-history":[{"count":6,"href":"https:\/\/esperanto-nederland.nl\/index.php\/wp-json\/wp\/v2\/posts\/10816\/revisions"}],"predecessor-version":[{"id":11169,"href":"https:\/\/esperanto-nederland.nl\/index.php\/wp-json\/wp\/v2\/posts\/10816\/revisions\/11169"}],"wp:attachment":[{"href":"https:\/\/esperanto-nederland.nl\/index.php\/wp-json\/wp\/v2\/media?parent=10816"}],"wp:term":[{"taxonomy":"category","embeddable":true,"href":"https:\/\/esperanto-nederland.nl\/index.php\/wp-json\/wp\/v2\/categories?post=10816"},{"taxonomy":"post_tag","embeddable":true,"href":"https:\/\/esperanto-nederland.nl\/index.php\/wp-json\/wp\/v2\/tags?post=10816"}],"curies":[{"name":"wp","href":"https:\/\/api.w.org\/{rel}","templated":true}]}}