{"id":11728,"date":"2025-11-15T10:45:34","date_gmt":"2025-11-15T09:45:34","guid":{"rendered":"https:\/\/esperanto-nederland.nl\/?p=11728"},"modified":"2025-12-29T20:26:31","modified_gmt":"2025-12-29T19:26:31","slug":"sukcesa-gebeneluksa-kongreso","status":"publish","type":"post","link":"https:\/\/esperanto-nederland.nl\/index.php\/eo\/2025\/11\/15\/sukcesa-gebeneluksa-kongreso\/","title":{"rendered":"Sukcesa Gebeneluksa Kongreso"},"content":{"rendered":"\n<figure class=\"wp-block-image size-full is-resized\"><img loading=\"lazy\" decoding=\"async\" width=\"377\" height=\"151\" src=\"https:\/\/esperanto-nederland.nl\/wp-content\/uploads\/2025\/11\/gebeneluksa-kongreso.png\" alt=\"\" class=\"wp-image-11720\" style=\"width:400px\" srcset=\"https:\/\/esperanto-nederland.nl\/wp-content\/uploads\/2025\/11\/gebeneluksa-kongreso.png 377w, https:\/\/esperanto-nederland.nl\/wp-content\/uploads\/2025\/11\/gebeneluksa-kongreso-300x120.png 300w\" sizes=\"auto, (max-width: 377px) 100vw, 377px\" \/><\/figure>\n\n\n\n<p>La Germana Esperanto-Asocio \u0109iujare organizas la Germanan Esperanto-Kongreson (GEK). La Valonaj kaj Flandraj esperantistoj \u0109iujare organizas la Benelukso-Kongreson. En 2025 ili kune organizis la Gebeneluksan Kongreson.<\/p>\n\n\n\n<p>Tiu Gebeneluksa kongreso okazis en la pitoreska Schleiden en la Eifel kaj estis sukcesa. La etoso estis entuziasma kaj vigla.<\/p>\n\n\n\n<p>La evento proponis diversan programon, interalie:<\/p>\n\n\n\n<figure data-wp-context=\"{&quot;imageId&quot;:&quot;69f1e6de9f6d3&quot;}\" data-wp-interactive=\"core\/image\" class=\"wp-block-image size-full is-resized wp-lightbox-container\"><img loading=\"lazy\" decoding=\"async\" width=\"966\" height=\"960\" data-wp-class--hide=\"state.isContentHidden\" data-wp-class--show=\"state.isContentVisible\" data-wp-init=\"callbacks.setButtonStyles\" data-wp-on-async--click=\"actions.showLightbox\" data-wp-on-async--load=\"callbacks.setButtonStyles\" data-wp-on-async-window--resize=\"callbacks.setButtonStyles\" src=\"https:\/\/esperanto-nederland.nl\/wp-content\/uploads\/2025\/11\/IMG_20251019_183450.jpg\" alt=\"\" class=\"wp-image-11790\" style=\"width:400px\" srcset=\"https:\/\/esperanto-nederland.nl\/wp-content\/uploads\/2025\/11\/IMG_20251019_183450.jpg 966w, https:\/\/esperanto-nederland.nl\/wp-content\/uploads\/2025\/11\/IMG_20251019_183450-300x298.jpg 300w, https:\/\/esperanto-nederland.nl\/wp-content\/uploads\/2025\/11\/IMG_20251019_183450-768x763.jpg 768w, https:\/\/esperanto-nederland.nl\/wp-content\/uploads\/2025\/11\/IMG_20251019_183450-90x90.jpg 90w, https:\/\/esperanto-nederland.nl\/wp-content\/uploads\/2025\/11\/IMG_20251019_183450-382x380.jpg 382w\" sizes=\"auto, (max-width: 966px) 100vw, 966px\" \/><button\n\t\t\tclass=\"lightbox-trigger\"\n\t\t\ttype=\"button\"\n\t\t\taria-haspopup=\"dialog\"\n\t\t\taria-label=\"Vergroten\"\n\t\t\tdata-wp-init=\"callbacks.initTriggerButton\"\n\t\t\tdata-wp-on-async--click=\"actions.showLightbox\"\n\t\t\tdata-wp-style--right=\"state.imageButtonRight\"\n\t\t\tdata-wp-style--top=\"state.imageButtonTop\"\n\t\t>\n\t\t\t<svg xmlns=\"http:\/\/www.w3.org\/2000\/svg\" width=\"12\" height=\"12\" fill=\"none\" viewBox=\"0 0 12 12\">\n\t\t\t\t<path fill=\"#fff\" d=\"M2 0a2 2 0 0 0-2 2v2h1.5V2a.5.5 0 0 1 .5-.5h2V0H2Zm2 10.5H2a.5.5 0 0 1-.5-.5V8H0v2a2 2 0 0 0 2 2h2v-1.5ZM8 12v-1.5h2a.5.5 0 0 0 .5-.5V8H12v2a2 2 0 0 1-2 2H8Zm2-12a2 2 0 0 1 2 2v2h-1.5V2a.5.5 0 0 0-.5-.5H8V0h2Z\" \/>\n\t\t\t<\/svg>\n\t\t<\/button><figcaption class=\"wp-element-caption\"><em>Vizito al la Trilandopunkto kaj Moresnet. <br>Fotisto nekonata<\/em><\/figcaption><\/figure>\n\n\n\n<ul class=\"wp-block-list\">\n<li>Matenagimnastiko kun An Olijslagers;<\/li>\n\n\n\n<li>Esperanto-lecionoj, kiujn instruis Katalin Kov\u00e1ts, Sylvain Lelarge kaj Kristin Tytgat.<\/li>\n\n\n\n<li>Prelegoj, ekzemple pri la inundo, kiu okazis \u0109i tie en julio 2021 kaj ka\u016dzis multajn dama\u011dojn;<\/li>\n\n\n\n<li>Vizito al la Trilandopunkto kaj la iama Ne\u016dtrala Moresnet, kie la esperantistoj estis bonvenigitaj de muzikbando;<\/li>\n\n\n\n<li>Prezenti\u011doj de pluraj kantistoj kaj artistoj, inter kiuj JoMo kaj la teatrotgrupo Mezbakita.<\/li>\n<\/ul>\n\n\n\n<p>En retpo\u015dto al \u0109iuj \u0109eestintoj la organizantoj dankis la multajn homojn, kiuj helpis, kaj \u0109iujn partoprenintojn pro ilia partopreno kaj la bela etoso.<\/p>\n\n\n\n<p>El Nederlando \u0109eestis: <strong>Ron, <strong>Sylvain<\/strong>, Katalin, Dorle, Foppe-Klaas, An kaj Ineke<\/strong>.<\/p>\n\n\n\n<p>Tiuj, kiuj maltrafis la kongreson, kaj la partoprenintoj, kiuj volas denove revivi la belajn momentojn, povas rigardi la <a href=\"http:\/\/mallonge.net\/fotaro-GEBNLK2025\" target=\"_blank\" rel=\"noreferrer noopener\">komunan fotogalerion<\/a> kaj <a href=\"https:\/\/photos.app.goo.gl\/SHrUAgzbLXdLSDmSA\" data-type=\"link\" data-id=\"https:\/\/photos.app.goo.gl\/SHrUAgzbLXdLSDmSA\" target=\"_blank\" rel=\"noreferrer noopener\">la filmon, kiu estis farita dum la vizito al Moresnet<\/a>.<\/p>\n","protected":false},"excerpt":{"rendered":"<p>La Germana Esperanto-Asocio \u0109iujare organizas la Germanan Esperanto-Kongreson (GEK). La Valonaj kaj Flandraj esperantistoj \u0109iujare organizas la Benelukso-Kongreson. En 2025 ili kune organizis la Gebeneluksan Kongreson. Tiu Gebeneluksa kongreso okazis en la pitoreska Schleiden en la Eifel kaj estis sukcesa. La etoso estis entuziasma kaj vigla. La evento proponis diversan programon, interalie: En retpo\u015dto al &hellip; <a href=\"https:\/\/esperanto-nederland.nl\/index.php\/eo\/2025\/11\/15\/sukcesa-gebeneluksa-kongreso\/\" class=\"more-link\">Verder lezen <span class=\"screen-reader-text\">Sukcesa Gebeneluksa Kongreso<\/span><\/a><\/p>\n","protected":false},"author":15,"featured_media":0,"comment_status":"closed","ping_status":"closed","sticky":false,"template":"","format":"standard","meta":{"footnotes":""},"categories":[1],"tags":[],"class_list":["post-11728","post","type-post","status-publish","format-standard","hentry","category-novajxoj","without-featured-image"],"_links":{"self":[{"href":"https:\/\/esperanto-nederland.nl\/index.php\/wp-json\/wp\/v2\/posts\/11728","targetHints":{"allow":["GET"]}}],"collection":[{"href":"https:\/\/esperanto-nederland.nl\/index.php\/wp-json\/wp\/v2\/posts"}],"about":[{"href":"https:\/\/esperanto-nederland.nl\/index.php\/wp-json\/wp\/v2\/types\/post"}],"author":[{"embeddable":true,"href":"https:\/\/esperanto-nederland.nl\/index.php\/wp-json\/wp\/v2\/users\/15"}],"replies":[{"embeddable":true,"href":"https:\/\/esperanto-nederland.nl\/index.php\/wp-json\/wp\/v2\/comments?post=11728"}],"version-history":[{"count":4,"href":"https:\/\/esperanto-nederland.nl\/index.php\/wp-json\/wp\/v2\/posts\/11728\/revisions"}],"predecessor-version":[{"id":12092,"href":"https:\/\/esperanto-nederland.nl\/index.php\/wp-json\/wp\/v2\/posts\/11728\/revisions\/12092"}],"wp:attachment":[{"href":"https:\/\/esperanto-nederland.nl\/index.php\/wp-json\/wp\/v2\/media?parent=11728"}],"wp:term":[{"taxonomy":"category","embeddable":true,"href":"https:\/\/esperanto-nederland.nl\/index.php\/wp-json\/wp\/v2\/categories?post=11728"},{"taxonomy":"post_tag","embeddable":true,"href":"https:\/\/esperanto-nederland.nl\/index.php\/wp-json\/wp\/v2\/tags?post=11728"}],"curies":[{"name":"wp","href":"https:\/\/api.w.org\/{rel}","templated":true}]}}