{"id":12328,"date":"2026-01-05T20:52:14","date_gmt":"2026-01-05T19:52:14","guid":{"rendered":"https:\/\/esperanto-nederland.nl\/?p=12328"},"modified":"2026-01-09T20:45:44","modified_gmt":"2026-01-09T19:45:44","slug":"memorajoj-pri-2025-kaj-viaj-planoj-por-2026","status":"publish","type":"post","link":"https:\/\/esperanto-nederland.nl\/index.php\/eo\/2026\/01\/05\/memorajoj-pri-2025-kaj-viaj-planoj-por-2026\/","title":{"rendered":"11 Januaro La Amsterdama Rondo"},"content":{"rendered":"\n<h3 class=\"wp-block-heading\"><strong>Diman\u0109e, la 11an de januaro, je la 13a horo, kunvenos la amsterdama rondo.<\/strong><\/h3>\n\n\n\n<p>Pro la vetercirkonstancoj la kunveno de la amsterdama rondo okazos nur per ZOOM, ne en De Koopermoolen.<\/p>\n\n\n\n<figure class=\"wp-block-image size-large is-resized\"><img decoding=\"async\" src=\"https:\/\/esperanto-nederland.nl\/wp-content\/uploads\/2026\/01\/Memorajoj-pri-2025-kaj-viaj-planoj-por-2026-800p.jpg\" alt=\"\" style=\"width:550px\"\/><\/figure>\n\n\n\n<p>La pasintan fojon ni prezentis librojn legitajn. Federico Gobbo rakontas pri tio en sia bloga\u0135o:<br><a href=\"https:\/\/open.substack.com\/pub\/federicogobbo\/p\/sinkronecoj-okaze-de-la-libro-tago\" target=\"_blank\" rel=\"noreferrer noopener\">https:\/\/open.substack.com\/pub\/federicogobbo\/p\/sinkronecoj-okaze-de-la-libro-tago<\/a><br>En la unua kunveno en la nova jaro ni parolos pri viaj memora\u0135oj pri 2025. Okazis la virtuala Esperanto-kongreso (VK) la 4a-7a de decembro. \u0108u vi sukcesis partopreni tiun kongreson? Se jes, kiujn impresojn vi havas? En la 4a de decembro samtempe okazis intima adia\u016da ceremonio por Rob Moerbeek, kiu ofte partoprenis niajn kunvenojn, \u0109u fizike, \u0109u zume. Kelkiuj povos rakonti pri kien iris liaj multaj libroj.<br>Sed ni rigardos anka\u016d al la estonteco: kiujn planojn vi havas por 2026? \u0108u vi havas ideojn por pli bone konatigi Esperanton inter la vasta publiko?<\/p>\n\n\n\n<p>Vi povas partopreni la kunvenon anka\u016d per ZOOM :<br>Tempo: 11a de jan. 2026 01:00 p.m. Amsterdam, Berlijn, Rome, Stockholm, Wenen<br><a href=\"https:\/\/us02web.zoom.us\/j\/4882085646?pwd=a2FpMFRhcXBrNXdCeFd4WWNSQi9FUT09&amp;omn=81748762410\">https:\/\/us02web.zoom.us\/j\/4882085646?pwd=a2FpMFRhcXBrNXdCeFd4WWNSQi9FUT09&amp;omn=81748762410<\/a><br>Kunven-ID: 488 208 5646<br>Pasvorto: 1994b<\/p>\n\n\n\n<!--more-->\n\n\n\n<p>El la listo de Eventa Servo ni mencias tri kunvenojn<\/p>\n\n\n\n<p>Se vi \u015datus iom da varmo&nbsp;: de la 11a-17a de januaro la A\u016dstralia kaj Novzelanda Kongreso en Auckland, Nov-Zelando. Okazos anka\u016d kursoj. Inf.&nbsp;: https:\/\/esperanto.org.au\/eo\/pri-ni\/kongreso\/<\/p>\n\n\n\n<p>De la 20a-22a de februaro okazos Belga Esperanto-Studsemajnfino en De Iep, Ieper, Flandrio. Inf.: piet.glorieux@gmail.com<\/p>\n\n\n\n<p>La 15a Himalaja Internacia Renkonti\u011do en Nepalo okazos de la 26a de februaro \u011dis la 8a de marto. Inf.: nespa.1990@gmail.com.<\/p>\n\n\n\n<p><\/p>\n","protected":false},"excerpt":{"rendered":"<p>Diman\u0109e, la 11an de januaro, je la 13a horo, kunvenos la amsterdama rondo. Pro la vetercirkonstancoj la kunveno de la amsterdama rondo okazos nur per ZOOM, ne en De Koopermoolen. La pasintan fojon ni prezentis librojn legitajn. Federico Gobbo rakontas pri tio en sia bloga\u0135o:https:\/\/open.substack.com\/pub\/federicogobbo\/p\/sinkronecoj-okaze-de-la-libro-tagoEn la unua kunveno en la nova jaro ni parolos pri &hellip; <a href=\"https:\/\/esperanto-nederland.nl\/index.php\/eo\/2026\/01\/05\/memorajoj-pri-2025-kaj-viaj-planoj-por-2026\/\" class=\"more-link\">Verder lezen <span class=\"screen-reader-text\">11 Januaro La Amsterdama Rondo<\/span><\/a><\/p>\n","protected":false},"author":15,"featured_media":0,"comment_status":"closed","ping_status":"closed","sticky":false,"template":"","format":"standard","meta":{"footnotes":""},"categories":[1],"tags":[],"class_list":["post-12328","post","type-post","status-publish","format-standard","hentry","category-novajxoj","without-featured-image"],"_links":{"self":[{"href":"https:\/\/esperanto-nederland.nl\/index.php\/wp-json\/wp\/v2\/posts\/12328","targetHints":{"allow":["GET"]}}],"collection":[{"href":"https:\/\/esperanto-nederland.nl\/index.php\/wp-json\/wp\/v2\/posts"}],"about":[{"href":"https:\/\/esperanto-nederland.nl\/index.php\/wp-json\/wp\/v2\/types\/post"}],"author":[{"embeddable":true,"href":"https:\/\/esperanto-nederland.nl\/index.php\/wp-json\/wp\/v2\/users\/15"}],"replies":[{"embeddable":true,"href":"https:\/\/esperanto-nederland.nl\/index.php\/wp-json\/wp\/v2\/comments?post=12328"}],"version-history":[{"count":4,"href":"https:\/\/esperanto-nederland.nl\/index.php\/wp-json\/wp\/v2\/posts\/12328\/revisions"}],"predecessor-version":[{"id":12354,"href":"https:\/\/esperanto-nederland.nl\/index.php\/wp-json\/wp\/v2\/posts\/12328\/revisions\/12354"}],"wp:attachment":[{"href":"https:\/\/esperanto-nederland.nl\/index.php\/wp-json\/wp\/v2\/media?parent=12328"}],"wp:term":[{"taxonomy":"category","embeddable":true,"href":"https:\/\/esperanto-nederland.nl\/index.php\/wp-json\/wp\/v2\/categories?post=12328"},{"taxonomy":"post_tag","embeddable":true,"href":"https:\/\/esperanto-nederland.nl\/index.php\/wp-json\/wp\/v2\/tags?post=12328"}],"curies":[{"name":"wp","href":"https:\/\/api.w.org\/{rel}","templated":true}]}}