{"id":12516,"date":"2026-02-06T21:34:31","date_gmt":"2026-02-06T20:34:31","guid":{"rendered":"https:\/\/esperanto-nederland.nl\/?p=12516"},"modified":"2026-02-06T21:36:29","modified_gmt":"2026-02-06T20:36:29","slug":"karnavalo-kaj-bestogardeno-en-best","status":"publish","type":"post","link":"https:\/\/esperanto-nederland.nl\/index.php\/eo\/2026\/02\/06\/karnavalo-kaj-bestogardeno-en-best\/","title":{"rendered":"Karnavalo kaj besto\u011dardeno en Best"},"content":{"rendered":"\n<figure class=\"wp-block-image size-large is-resized\"><img loading=\"lazy\" decoding=\"async\" width=\"1024\" height=\"679\" src=\"https:\/\/esperanto-nederland.nl\/wp-content\/uploads\/2026\/02\/clker-free-vector-images-marching-band-30354_1280-1024x679.png\" alt=\"\" class=\"wp-image-12517\" style=\"width:500px\" srcset=\"https:\/\/esperanto-nederland.nl\/wp-content\/uploads\/2026\/02\/clker-free-vector-images-marching-band-30354_1280-1024x679.png 1024w, https:\/\/esperanto-nederland.nl\/wp-content\/uploads\/2026\/02\/clker-free-vector-images-marching-band-30354_1280-300x199.png 300w, https:\/\/esperanto-nederland.nl\/wp-content\/uploads\/2026\/02\/clker-free-vector-images-marching-band-30354_1280-768x509.png 768w, https:\/\/esperanto-nederland.nl\/wp-content\/uploads\/2026\/02\/clker-free-vector-images-marching-band-30354_1280-573x380.png 573w, https:\/\/esperanto-nederland.nl\/wp-content\/uploads\/2026\/02\/clker-free-vector-images-marching-band-30354_1280.png 1280w\" sizes=\"auto, (max-width: 1024px) 100vw, 1024px\" \/><\/figure>\n\n\n\n<p>La unua NEJ-tago de la nova jaro okazos la 15-an de februaro en Best (Nord-Brabanto)!<br>La tago komenci\u011dos per la loka karnavala parado, post kio ni kune iros al la besto\u011dardeno BestZoo\ud83d\udc12. Ni finos per man\u011do \u0109e la fama McDonald&#8217;s de Best.<\/p>\n\n\n\n<p>Partopreno en la NEJ-tago estas senpaga, sed vi mem a\u0109etu enirbileton por la besto\u011dardeno <a href=\"https:\/\/bestzoo.nl\/prijzen\/\" target=\"_blank\" rel=\"noreferrer noopener\">(https:\/\/bestzoo.nl\/prijzen\/)<\/a>.<\/p>\n\n\n\n<p>Gravaj informoj:<br>Kunportu vian propran biciklon, a\u016d uzu publikan transportbiciklon\ud83d\udeb2<br><a href=\"https:\/\/www.ns.nl\/deur-tot-deur\/ov-fiets\" target=\"_blank\" rel=\"noreferrer noopener\">(https:\/\/www.ns.nl\/deur-tot-deur\/ov-fiets)<\/a>. Por alternativa transporto, bonvolu kontakti nin!&nbsp; [ info@esperantojongeren.nl ]<\/p>\n\n\n\n<p>Programo:<\/p>\n\n\n\n<!--more-->\n\n\n\n<p><\/p>\n\n\n\n<ul class=\"wp-block-list\">\n<li>12:30 Renkonti\u011do \u0109e la trajnstacio de Best (bv sciigi nin se vi<br>partoprenos)<\/li>\n\n\n\n<li>13:00 Karnavala parado<\/li>\n\n\n\n<li>14:00 BestZoo<\/li>\n\n\n\n<li>17:30 McDonald&#8217;s<\/li>\n\n\n\n<li>18:30 Fino de la programo<\/li>\n<\/ul>\n\n\n\n<p>Amuza fakto:<br>La McDonald&#8217;s en Best akiris tutmondan famon per giganta, 10 m alta statuo de Michael Jackson\ud83d\udd7a, kiu staris en la parkejo \u011dis 2019. Ankora\u016d hodia\u016d, la &#8220;restoracio&#8221; havas unikan retroecan internan aspekton.<\/p>\n","protected":false},"excerpt":{"rendered":"<p>La unua NEJ-tago de la nova jaro okazos la 15-an de februaro en Best (Nord-Brabanto)!La tago komenci\u011dos per la loka karnavala parado, post kio ni kune iros al la besto\u011dardeno BestZoo\ud83d\udc12. Ni finos per man\u011do \u0109e la fama McDonald&#8217;s de Best. Partopreno en la NEJ-tago estas senpaga, sed vi mem a\u0109etu enirbileton por la besto\u011dardeno &hellip; <a href=\"https:\/\/esperanto-nederland.nl\/index.php\/eo\/2026\/02\/06\/karnavalo-kaj-bestogardeno-en-best\/\" class=\"more-link\">Verder lezen <span class=\"screen-reader-text\">Karnavalo kaj besto\u011dardeno en Best<\/span><\/a><\/p>\n","protected":false},"author":15,"featured_media":0,"comment_status":"closed","ping_status":"closed","sticky":false,"template":"","format":"standard","meta":{"footnotes":""},"categories":[1],"tags":[],"class_list":["post-12516","post","type-post","status-publish","format-standard","hentry","category-novajxoj","without-featured-image"],"_links":{"self":[{"href":"https:\/\/esperanto-nederland.nl\/index.php\/wp-json\/wp\/v2\/posts\/12516","targetHints":{"allow":["GET"]}}],"collection":[{"href":"https:\/\/esperanto-nederland.nl\/index.php\/wp-json\/wp\/v2\/posts"}],"about":[{"href":"https:\/\/esperanto-nederland.nl\/index.php\/wp-json\/wp\/v2\/types\/post"}],"author":[{"embeddable":true,"href":"https:\/\/esperanto-nederland.nl\/index.php\/wp-json\/wp\/v2\/users\/15"}],"replies":[{"embeddable":true,"href":"https:\/\/esperanto-nederland.nl\/index.php\/wp-json\/wp\/v2\/comments?post=12516"}],"version-history":[{"count":12,"href":"https:\/\/esperanto-nederland.nl\/index.php\/wp-json\/wp\/v2\/posts\/12516\/revisions"}],"predecessor-version":[{"id":12529,"href":"https:\/\/esperanto-nederland.nl\/index.php\/wp-json\/wp\/v2\/posts\/12516\/revisions\/12529"}],"wp:attachment":[{"href":"https:\/\/esperanto-nederland.nl\/index.php\/wp-json\/wp\/v2\/media?parent=12516"}],"wp:term":[{"taxonomy":"category","embeddable":true,"href":"https:\/\/esperanto-nederland.nl\/index.php\/wp-json\/wp\/v2\/categories?post=12516"},{"taxonomy":"post_tag","embeddable":true,"href":"https:\/\/esperanto-nederland.nl\/index.php\/wp-json\/wp\/v2\/tags?post=12516"}],"curies":[{"name":"wp","href":"https:\/\/api.w.org\/{rel}","templated":true}]}}