{"id":12850,"date":"2026-02-23T23:22:05","date_gmt":"2026-02-23T22:22:05","guid":{"rendered":"https:\/\/esperanto-nederland.nl\/?p=12850"},"modified":"2026-04-18T21:00:05","modified_gmt":"2026-04-18T19:00:05","slug":"vadekskurso-al-ameland-invito","status":"publish","type":"post","link":"https:\/\/esperanto-nederland.nl\/index.php\/eo\/2026\/02\/23\/vadekskurso-al-ameland-invito\/","title":{"rendered":"Vadekskurso al Ameland \u2013 invito"},"content":{"rendered":"\n<figure data-wp-context=\"{&quot;imageId&quot;:&quot;69f25289e2793&quot;}\" data-wp-interactive=\"core\/image\" class=\"wp-block-image size-large is-resized wp-lightbox-container\"><img loading=\"lazy\" decoding=\"async\" width=\"1024\" height=\"768\" data-wp-class--hide=\"state.isContentHidden\" data-wp-class--show=\"state.isContentVisible\" data-wp-init=\"callbacks.setButtonStyles\" data-wp-on-async--click=\"actions.showLightbox\" data-wp-on-async--load=\"callbacks.setButtonStyles\" data-wp-on-async-window--resize=\"callbacks.setButtonStyles\" src=\"https:\/\/esperanto-nederland.nl\/wp-content\/uploads\/2026\/02\/Wadlopen-Harm-Voortman-20250622_143051038-1024x768.jpg\" alt=\"\" class=\"wp-image-12819\" style=\"width:450px\" srcset=\"https:\/\/esperanto-nederland.nl\/wp-content\/uploads\/2026\/02\/Wadlopen-Harm-Voortman-20250622_143051038-1024x768.jpg 1024w, https:\/\/esperanto-nederland.nl\/wp-content\/uploads\/2026\/02\/Wadlopen-Harm-Voortman-20250622_143051038-300x225.jpg 300w, https:\/\/esperanto-nederland.nl\/wp-content\/uploads\/2026\/02\/Wadlopen-Harm-Voortman-20250622_143051038-200x150.jpg 200w, https:\/\/esperanto-nederland.nl\/wp-content\/uploads\/2026\/02\/Wadlopen-Harm-Voortman-20250622_143051038-768x576.jpg 768w, https:\/\/esperanto-nederland.nl\/wp-content\/uploads\/2026\/02\/Wadlopen-Harm-Voortman-20250622_143051038-507x380.jpg 507w, https:\/\/esperanto-nederland.nl\/wp-content\/uploads\/2026\/02\/Wadlopen-Harm-Voortman-20250622_143051038-rotated.jpg 1200w\" sizes=\"auto, (max-width: 1024px) 100vw, 1024px\" \/><button\n\t\t\tclass=\"lightbox-trigger\"\n\t\t\ttype=\"button\"\n\t\t\taria-haspopup=\"dialog\"\n\t\t\taria-label=\"Vergroten\"\n\t\t\tdata-wp-init=\"callbacks.initTriggerButton\"\n\t\t\tdata-wp-on-async--click=\"actions.showLightbox\"\n\t\t\tdata-wp-style--right=\"state.imageButtonRight\"\n\t\t\tdata-wp-style--top=\"state.imageButtonTop\"\n\t\t>\n\t\t\t<svg xmlns=\"http:\/\/www.w3.org\/2000\/svg\" width=\"12\" height=\"12\" fill=\"none\" viewBox=\"0 0 12 12\">\n\t\t\t\t<path fill=\"#fff\" d=\"M2 0a2 2 0 0 0-2 2v2h1.5V2a.5.5 0 0 1 .5-.5h2V0H2Zm2 10.5H2a.5.5 0 0 1-.5-.5V8H0v2a2 2 0 0 0 2 2h2v-1.5ZM8 12v-1.5h2a.5.5 0 0 0 .5-.5V8H12v2a2 2 0 0 1-2 2H8Zm2-12a2 2 0 0 1 2 2v2h-1.5V2a.5.5 0 0 0-.5-.5H8V0h2Z\" \/>\n\t\t\t<\/svg>\n\t\t<\/button><\/figure>\n\n\n\n<p>En junio ni kun grupo da homoj vadeksursos al Amelando! \u0108iu, kiu volas ali\u011di al ni, estas kore bonvena. Ni anka\u016d tre \u011dojus renkonti esperantistojn sur Amelando, kiuj ne volas a\u016d ne povas vadmigradi. Ili povas veni per la pram\u015dipo al la insulo. Ni renkonti\u011dos poste en kafejo a\u016d restoracio sur la insulo.<\/p>\n\n\n\n<p><strong>Planita dato:<\/strong>\u00a0Diman\u0109o, la 7-an de junio 2026<br><strong>Horo de ekmar\u015do:<\/strong>\u00a06:00<\/p>\n\n\n\n<p><a href=\"https:\/\/esperanto-nederland.nl\/index.php\/eo\/vadekskurso-al-ameland-invito\/\" data-type=\"link\" data-id=\"https:\/\/esperanto-nederland.nl\/index.php\/eo\/vadekskurso-al-ameland-invito\/\" target=\"_blank\" rel=\"noreferrer noopener\">Rigardu la fotojn de mar\u015dado sur la marfundo kaj venu mar\u015di kun ni.<\/a><\/p>\n\n\n\n<p><\/p>\n","protected":false},"excerpt":{"rendered":"<p>En junio ni kun grupo da homoj vadeksursos al Amelando! \u0108iu, kiu volas ali\u011di al ni, estas kore bonvena. Ni anka\u016d tre \u011dojus renkonti esperantistojn sur Amelando, kiuj ne volas a\u016d ne povas vadmigradi. Ili povas veni per la pram\u015dipo al la insulo. Ni renkonti\u011dos poste en kafejo a\u016d restoracio sur la insulo. Planita dato:\u00a0Diman\u0109o, &hellip; <a href=\"https:\/\/esperanto-nederland.nl\/index.php\/eo\/2026\/02\/23\/vadekskurso-al-ameland-invito\/\" class=\"more-link\">Verder lezen <span class=\"screen-reader-text\">Vadekskurso al Ameland \u2013 invito<\/span><\/a><\/p>\n","protected":false},"author":2,"featured_media":0,"comment_status":"closed","ping_status":"closed","sticky":false,"template":"","format":"standard","meta":{"footnotes":""},"categories":[1],"tags":[],"class_list":["post-12850","post","type-post","status-publish","format-standard","hentry","category-novajxoj","without-featured-image"],"_links":{"self":[{"href":"https:\/\/esperanto-nederland.nl\/index.php\/wp-json\/wp\/v2\/posts\/12850","targetHints":{"allow":["GET"]}}],"collection":[{"href":"https:\/\/esperanto-nederland.nl\/index.php\/wp-json\/wp\/v2\/posts"}],"about":[{"href":"https:\/\/esperanto-nederland.nl\/index.php\/wp-json\/wp\/v2\/types\/post"}],"author":[{"embeddable":true,"href":"https:\/\/esperanto-nederland.nl\/index.php\/wp-json\/wp\/v2\/users\/2"}],"replies":[{"embeddable":true,"href":"https:\/\/esperanto-nederland.nl\/index.php\/wp-json\/wp\/v2\/comments?post=12850"}],"version-history":[{"count":3,"href":"https:\/\/esperanto-nederland.nl\/index.php\/wp-json\/wp\/v2\/posts\/12850\/revisions"}],"predecessor-version":[{"id":13255,"href":"https:\/\/esperanto-nederland.nl\/index.php\/wp-json\/wp\/v2\/posts\/12850\/revisions\/13255"}],"wp:attachment":[{"href":"https:\/\/esperanto-nederland.nl\/index.php\/wp-json\/wp\/v2\/media?parent=12850"}],"wp:term":[{"taxonomy":"category","embeddable":true,"href":"https:\/\/esperanto-nederland.nl\/index.php\/wp-json\/wp\/v2\/categories?post=12850"},{"taxonomy":"post_tag","embeddable":true,"href":"https:\/\/esperanto-nederland.nl\/index.php\/wp-json\/wp\/v2\/tags?post=12850"}],"curies":[{"name":"wp","href":"https:\/\/api.w.org\/{rel}","templated":true}]}}