{"id":12876,"date":"2026-03-02T21:11:03","date_gmt":"2026-03-02T20:11:03","guid":{"rendered":"https:\/\/esperanto-nederland.nl\/?p=12876"},"modified":"2026-03-02T21:11:50","modified_gmt":"2026-03-02T20:11:50","slug":"gardenstiloj-tra-la-mondo-kaj-tra-la-jarcentoj","status":"publish","type":"post","link":"https:\/\/esperanto-nederland.nl\/index.php\/eo\/2026\/03\/02\/gardenstiloj-tra-la-mondo-kaj-tra-la-jarcentoj\/","title":{"rendered":"\u011cARDENSTILOJ TRA LA MONDO KAJ TRA LA JARCENTOJ"},"content":{"rendered":"\n<figure class=\"wp-block-image size-full is-resized\"><img decoding=\"async\" src=\"https:\/\/esperanto-nederland.nl\/wp-content\/uploads\/2026\/03\/tuin-1.svg\" alt=\"\" class=\"wp-image-12877\" style=\"width:500px\"\/><\/figure>\n\n\n\n<p>La Amsterdama Rondo<\/p>\n\n\n\n<p>En februaro Ueli Haenni rakontis (per ZOOM) pri rompi\u011demaj ostoj. Estis tre interese kaj pli da homoj \u0109eestis virtuale ol fizike. Tio igis nin (Petro kaj Bert) decidi en marto kunveni nur per ZOOM. Ver\u015dajne pli ta\u016dgos kunveni kvarfoje jare fizike en De Koopermoolen en Warmoesstraat en Amsterdamo kaj la aliajn fojojn per ZOOM.<\/p>\n\n\n\n<p>En la marta LAR-kunveno Bert de Wit volas prove prezenti \u201c\u011dardenstiloj tra la mondo kaj tra la jarcentoj\u201d. Li estas sufi\u0109e fanatika \u011dardenumanto kaj \u015datas paroli pri:<br>. el kiuj ideoj diversaj \u011dardenstiloj devenas. \u0108u religiaj, filozofiaj, statusaj, ar\u0125itektaj?<br>. kiuj \u015dan\u011doj okazis en la da\u016dro de la jarcentoj rilate al la \u201cdomina \u011dardenstilo\u201d?<br>. kiu estas via plej \u015datata \u011dardentipo kaj kial?<br>. kiujn sugestojn vi havas por plibonigi la prezenton?<\/p>\n\n\n\n<p>La prezento ne estos kompleta, nur parto de la \u011dardenstiloj estos prezentata.<\/p>\n\n\n\n<p>Vi povos ali\u011di al la ZOOM-kunveno per jena ligilo:<br>Tempo: 8a de marto 2026 01:00 p.m. Amsterdam, Berlijn, Rome, Stockholm, Wenen<br><a href=\"https:\/\/us02web.zoom.us\/j\/4882085646?pwd=a2FpMFRhcXBrNXdCeFd4WWNSQi9FUT09&amp;omn=85767526766\">https:\/\/us02web.zoom.us\/j\/4882085646?pwd=a2FpMFRhcXBrNXdCeFd4WWNSQi9FUT09&amp;omn=85767526766<\/a><br>Kunven-\/Vergadering-ID: 488 208 5646; Pasvorto\/Wachtwoord: 1994b<\/p>\n\n\n\n<p><br>Deze keer alleen via ZOOM: een diapresentatie over de idee\u00ebn van mensen achter verschillende tuinstijlen, hoe de heersende tuinstijl (barok, landschapsstijl) is veranderd in de loop van de tijd, welke tuinstijl uw favoriet is en waarom. En natuurlijk \u2013 daar is een proefpresentatie voor \u2013 suggesties om de presentatie te verbeteren. De presentatie is niet volledig, maar een deel van de tuinstijlen wordt behandeld.<\/p>\n\n\n\n<p><\/p>\n\n\n\n<p><\/p>\n","protected":false},"excerpt":{"rendered":"<p>La Amsterdama Rondo En februaro Ueli Haenni rakontis (per ZOOM) pri rompi\u011demaj ostoj. Estis tre interese kaj pli da homoj \u0109eestis virtuale ol fizike. Tio igis nin (Petro kaj Bert) decidi en marto kunveni nur per ZOOM. Ver\u015dajne pli ta\u016dgos kunveni kvarfoje jare fizike en De Koopermoolen en Warmoesstraat en Amsterdamo kaj la aliajn fojojn &hellip; <a href=\"https:\/\/esperanto-nederland.nl\/index.php\/eo\/2026\/03\/02\/gardenstiloj-tra-la-mondo-kaj-tra-la-jarcentoj\/\" class=\"more-link\">Verder lezen <span class=\"screen-reader-text\">\u011cARDENSTILOJ TRA LA MONDO KAJ TRA LA JARCENTOJ<\/span><\/a><\/p>\n","protected":false},"author":15,"featured_media":0,"comment_status":"closed","ping_status":"closed","sticky":false,"template":"","format":"standard","meta":{"footnotes":""},"categories":[1],"tags":[],"class_list":["post-12876","post","type-post","status-publish","format-standard","hentry","category-novajxoj","without-featured-image"],"_links":{"self":[{"href":"https:\/\/esperanto-nederland.nl\/index.php\/wp-json\/wp\/v2\/posts\/12876","targetHints":{"allow":["GET"]}}],"collection":[{"href":"https:\/\/esperanto-nederland.nl\/index.php\/wp-json\/wp\/v2\/posts"}],"about":[{"href":"https:\/\/esperanto-nederland.nl\/index.php\/wp-json\/wp\/v2\/types\/post"}],"author":[{"embeddable":true,"href":"https:\/\/esperanto-nederland.nl\/index.php\/wp-json\/wp\/v2\/users\/15"}],"replies":[{"embeddable":true,"href":"https:\/\/esperanto-nederland.nl\/index.php\/wp-json\/wp\/v2\/comments?post=12876"}],"version-history":[{"count":2,"href":"https:\/\/esperanto-nederland.nl\/index.php\/wp-json\/wp\/v2\/posts\/12876\/revisions"}],"predecessor-version":[{"id":12879,"href":"https:\/\/esperanto-nederland.nl\/index.php\/wp-json\/wp\/v2\/posts\/12876\/revisions\/12879"}],"wp:attachment":[{"href":"https:\/\/esperanto-nederland.nl\/index.php\/wp-json\/wp\/v2\/media?parent=12876"}],"wp:term":[{"taxonomy":"category","embeddable":true,"href":"https:\/\/esperanto-nederland.nl\/index.php\/wp-json\/wp\/v2\/categories?post=12876"},{"taxonomy":"post_tag","embeddable":true,"href":"https:\/\/esperanto-nederland.nl\/index.php\/wp-json\/wp\/v2\/tags?post=12876"}],"curies":[{"name":"wp","href":"https:\/\/api.w.org\/{rel}","templated":true}]}}