{"id":12937,"date":"2026-03-09T11:18:33","date_gmt":"2026-03-09T10:18:33","guid":{"rendered":"https:\/\/esperanto-nederland.nl\/?p=12937"},"modified":"2026-03-09T11:29:01","modified_gmt":"2026-03-09T10:29:01","slug":"75-a-kultura-semajnfino-2","status":"publish","type":"post","link":"https:\/\/esperanto-nederland.nl\/index.php\/eo\/2026\/03\/09\/75-a-kultura-semajnfino-2\/","title":{"rendered":"75-a Kultura Semajnfino Homburg (Sarlando)"},"content":{"rendered":"\n<figure class=\"wp-block-image size-large is-resized\"><img loading=\"lazy\" decoding=\"async\" width=\"683\" height=\"1024\" src=\"https:\/\/esperanto-nederland.nl\/wp-content\/uploads\/2026\/03\/Afisho-75a-KSF-2026-1-683x1024.png\" alt=\"\" class=\"wp-image-12938\" style=\"object-fit:cover;width:500px;height:700px\" srcset=\"https:\/\/esperanto-nederland.nl\/wp-content\/uploads\/2026\/03\/Afisho-75a-KSF-2026-1-683x1024.png 683w, https:\/\/esperanto-nederland.nl\/wp-content\/uploads\/2026\/03\/Afisho-75a-KSF-2026-1-200x300.png 200w, https:\/\/esperanto-nederland.nl\/wp-content\/uploads\/2026\/03\/Afisho-75a-KSF-2026-1-768x1152.png 768w, https:\/\/esperanto-nederland.nl\/wp-content\/uploads\/2026\/03\/Afisho-75a-KSF-2026-1-253x380.png 253w, https:\/\/esperanto-nederland.nl\/wp-content\/uploads\/2026\/03\/Afisho-75a-KSF-2026-1.png 1024w\" sizes=\"auto, (max-width: 683px) 100vw, 683px\" \/><\/figure>\n\n\n\n<p>Kara samideanino, kara samideano,<\/p>\n\n\n\n<p>vi ricevas tiun \u0109i retposhton, \u0109ar vi jam interesighis pri la Kultura Semajnfino de Sarlanda Esperanto-Ligo en la pasinteco. Sarlanda Esperanto-Ligo okazigos sian 75-an Kulturan Semajnfinon&nbsp;<strong>de la 26-a \u011dis la 28-a de junio 2026<\/strong>&nbsp;en la Kardinal-Wendel-Domo en Homburgo. (<a href=\"https:\/\/www.kardinal-wendel-haus.de\/\" target=\"_blank\" rel=\"noreferrer noopener\">https:\/\/www.kardinal-wendel-haus.de\/<\/a>)<\/p>\n\n\n\n<p>Atendas vin interesa programo (el\u015dutebla dokumento ankora\u016d ne estas, sed venos) konsistanta el&nbsp;<strong>aktiva\u0135oj<\/strong>, diversaj&nbsp;<strong>prelegoj<\/strong>&nbsp;por Esperanto-parolantoj,&nbsp;<strong>kursoj<\/strong>&nbsp;por progresintoj kaj komencantoj. En la&nbsp;<strong>libroservo<\/strong>&nbsp;de Jean-Luc Thibias vi certe trovos allogan lega\u0135on kaj esperanta\u0135ojn.<br>Ni komencos la semajnfinon jam vendrede posttagmeze per via alvoja\u011do kaj post la vesperman\u011do ni a\u016dskultos&nbsp;<strong>koncerton de JoMo<\/strong>&nbsp;kaj poste ni kunsidos en etosa rondo en la&nbsp;<strong>knajpo<\/strong>&nbsp;(sarlande: vert\u015daft&#8217;).<\/p>\n\n\n\n<p>La&nbsp;<strong>sabaton&nbsp;<\/strong>ni dedi\u0109os al&nbsp;<strong>prelegoj<\/strong>,&nbsp;<strong>atelieroj, lingvokursoj&nbsp;<\/strong>por komencantoj kaj progresintojkaj&nbsp;<strong>busekskurso&nbsp;<\/strong>al interesa sarlanda vidinda\u0135o , la&nbsp;<strong>Aventura Minejo Velsen&nbsp;<\/strong>(rigardu la ligilon:<a href=\"https:\/\/www.erlebnisbergwerkvelsen.de\/\" target=\"_blank\" rel=\"noreferrer noopener\">Startseite | Erlebnisbergwerk Velsen<\/a>)<br>Post la busekskurso estos ebleco partopreni&nbsp;<strong>ekumenan diservon&nbsp;<\/strong>en Esperanto.<br>La kulmino de la Kultura Semajnfino estos&nbsp; bela, bongusta, (la\u016deble plenaera)&nbsp;<strong>bankedo kun kradrosta\u0135oj&nbsp;<\/strong>en gaja etoso sekvita de&nbsp;<strong>koncerto de&nbsp;<\/strong>la konata esperantista muzikisto<strong>&nbsp;Ka\u015di&nbsp;<\/strong>je sabato vespere. <strong>Diman\u0109on&nbsp;<\/strong>matene ni da\u016drigos la programon per&nbsp;<strong>prelegoj&nbsp;<\/strong>kaj<strong>&nbsp;atelieroj&nbsp;<\/strong>\u011dis la komuna tagman\u011do. <strong>La ali\u011dilon<\/strong>&nbsp;vi trovas \u0109i-tie:&nbsp;<a href=\"https:\/\/www.esperanto.de\/de\/ksf2026-aligho\" target=\"_blank\" rel=\"noreferrer noopener\">Kultura Semajnfino 2026 | Esperanto in Deutschland<\/a><br>Ne maltrafu nian beletosan jubilean eventon kaj ali\u011du tuj! Se vi jam ali\u011dis, des pli bone.&nbsp;<\/p>\n\n\n\n<p>Amike salutas vin<br>Martin Thorenz<br>(prezidanto de SEL)<\/p>\n\n\n\n<p><\/p>\n","protected":false},"excerpt":{"rendered":"<p>Kara samideanino, kara samideano, vi ricevas tiun \u0109i retposhton, \u0109ar vi jam interesighis pri la Kultura Semajnfino de Sarlanda Esperanto-Ligo en la pasinteco. Sarlanda Esperanto-Ligo okazigos sian 75-an Kulturan Semajnfinon&nbsp;de la 26-a \u011dis la 28-a de junio 2026&nbsp;en la Kardinal-Wendel-Domo en Homburgo. (https:\/\/www.kardinal-wendel-haus.de\/) Atendas vin interesa programo (el\u015dutebla dokumento ankora\u016d ne estas, sed venos) konsistanta &hellip; <a href=\"https:\/\/esperanto-nederland.nl\/index.php\/eo\/2026\/03\/09\/75-a-kultura-semajnfino-2\/\" class=\"more-link\">Verder lezen <span class=\"screen-reader-text\">75-a Kultura Semajnfino Homburg (Sarlando)<\/span><\/a><\/p>\n","protected":false},"author":15,"featured_media":0,"comment_status":"closed","ping_status":"closed","sticky":false,"template":"","format":"standard","meta":{"footnotes":""},"categories":[1],"tags":[],"class_list":["post-12937","post","type-post","status-publish","format-standard","hentry","category-novajxoj","without-featured-image"],"_links":{"self":[{"href":"https:\/\/esperanto-nederland.nl\/index.php\/wp-json\/wp\/v2\/posts\/12937","targetHints":{"allow":["GET"]}}],"collection":[{"href":"https:\/\/esperanto-nederland.nl\/index.php\/wp-json\/wp\/v2\/posts"}],"about":[{"href":"https:\/\/esperanto-nederland.nl\/index.php\/wp-json\/wp\/v2\/types\/post"}],"author":[{"embeddable":true,"href":"https:\/\/esperanto-nederland.nl\/index.php\/wp-json\/wp\/v2\/users\/15"}],"replies":[{"embeddable":true,"href":"https:\/\/esperanto-nederland.nl\/index.php\/wp-json\/wp\/v2\/comments?post=12937"}],"version-history":[{"count":3,"href":"https:\/\/esperanto-nederland.nl\/index.php\/wp-json\/wp\/v2\/posts\/12937\/revisions"}],"predecessor-version":[{"id":12941,"href":"https:\/\/esperanto-nederland.nl\/index.php\/wp-json\/wp\/v2\/posts\/12937\/revisions\/12941"}],"wp:attachment":[{"href":"https:\/\/esperanto-nederland.nl\/index.php\/wp-json\/wp\/v2\/media?parent=12937"}],"wp:term":[{"taxonomy":"category","embeddable":true,"href":"https:\/\/esperanto-nederland.nl\/index.php\/wp-json\/wp\/v2\/categories?post=12937"},{"taxonomy":"post_tag","embeddable":true,"href":"https:\/\/esperanto-nederland.nl\/index.php\/wp-json\/wp\/v2\/tags?post=12937"}],"curies":[{"name":"wp","href":"https:\/\/api.w.org\/{rel}","templated":true}]}}