{"id":13025,"date":"2026-03-28T19:26:21","date_gmt":"2026-03-28T18:26:21","guid":{"rendered":"https:\/\/esperanto-nederland.nl\/?p=13025"},"modified":"2026-04-27T00:33:15","modified_gmt":"2026-04-26T22:33:15","slug":"milita-uzo-de-esperanto","status":"publish","type":"post","link":"https:\/\/esperanto-nederland.nl\/index.php\/eo\/2026\/03\/28\/milita-uzo-de-esperanto\/","title":{"rendered":"Lingvo de paco"},"content":{"rendered":"\n<h2 class=\"wp-block-heading\">Esperanto restas lingvo de paco, anka\u016d je la 1\u2011a de aprilo<\/h2>\n\n\n\n<p>Sub la titolo <em>\u201cEsperanto Nederland rifuzas militistan uzadon de Esperanto\u201d<\/em> ni publikigis aprilan \u015dercon en nia retejo.<\/p>\n\n\n\n<figure class=\"wp-block-image size-full is-resized\"><img loading=\"lazy\" decoding=\"async\" width=\"1000\" height=\"666\" src=\"https:\/\/esperanto-nederland.nl\/wp-content\/uploads\/2026\/03\/Ministerio-de-Defendo-Koos-Piloot-1000p.png\" alt=\"\" class=\"wp-image-13026\" style=\"width:500px\" srcset=\"https:\/\/esperanto-nederland.nl\/wp-content\/uploads\/2026\/03\/Ministerio-de-Defendo-Koos-Piloot-1000p.png 1000w, https:\/\/esperanto-nederland.nl\/wp-content\/uploads\/2026\/03\/Ministerio-de-Defendo-Koos-Piloot-1000p-300x200.png 300w, https:\/\/esperanto-nederland.nl\/wp-content\/uploads\/2026\/03\/Ministerio-de-Defendo-Koos-Piloot-1000p-768x511.png 768w, https:\/\/esperanto-nederland.nl\/wp-content\/uploads\/2026\/03\/Ministerio-de-Defendo-Koos-Piloot-1000p-571x380.png 571w\" sizes=\"auto, (max-width: 1000px) 100vw, 1000px\" \/><figcaption class=\"wp-element-caption\"><em>Foto: Copilot<\/em><\/figcaption><\/figure>\n\n\n\n<p>En tiu artikolo ni rakontis, ke la defendfortoj de E\u016dropo ekuzos Esperanton por la interlanda komunikado. Ene de kelkaj jaroj \u0109iuj militistoj kaj civiluloj \u0109e la Ministerio pri Defendo devus lerni la lingvon. La Ministerio pri Defendo la\u016d la artikolo petus nian subtenon por tio. Nia respondo estis, ke ni tion ne farus, \u0109ar tio kontra\u016das la idealon, por kiu Esperanto staras.<\/p>\n\n\n\n<h3 class=\"wp-block-heading\"><strong>Reagoj<\/strong><\/h3>\n\n\n\n<p>Pri la \u015derco ni ricevis diversajn reagojn. Iuj homoj ne povis aprezi la humoron \u201cen \u0109i tiu tempo\u201d kaj reagis kritike. Ni ricevis anka\u016d pozitivajn reagojn de homoj, kiuj \u011duis la \u015dercon. Kelkaj personoj petis pliajn informojn, inter ili \u0135urnalistoj de kaj loka kaj landa gazeto. Kompreneble ni klarigis al ili, ke temas pri aprila \u015derco. La\u016d la konsilo de unu el ili ni poste e\u0109 pli klare atentigis pri la dato, la 1\u2011a de aprilo.<\/p>\n\n\n\n<!--more-->\n\n\n\n<h3 class=\"wp-block-heading\"><strong>Kial ni faris \u0109i tiun \u015dercon<\/strong><\/h3>\n\n\n\n<p>Per \u0109i tiu aprila \u015derco ni volis atentigi pri grava mesa\u011do: la graveco resti en dialogo unu kun la alia. La juda, pola\u2011rusa okulkuracisto Ludoviko Zamenhof kreis la lingvon Esperanto en periodo de grandaj interetnaj stre\u0109oj \u2014 \u011duste por kunigi homojn.<\/p>\n\n\n\n<p>Anka\u016d ni, kiel Esperanto Nederland, opinias grave respekti aliajn homojn kaj aliajn kulturojn. Esperanto povas esti valora ilo por tio. Per Esperanto ni malkovras, kiel belaj kaj interesaj aliaj homoj kaj iliaj fonoj estas.<\/p>\n\n\n\n<p><a href=\"https:\/\/esperanto-nederland.nl\/wp-content\/uploads\/2026\/04\/Aprila-serco-Esperanto-Nederland-rifuzas-militan-uzon-de-Esperanto.pdf\" data-type=\"link\" data-id=\"https:\/\/esperanto-nederland.nl\/wp-content\/uploads\/2026\/04\/Aprila-serco-Esperanto-Nederland-rifuzas-militan-uzon-de-Esperanto.pdf\" target=\"_blank\" rel=\"noreferrer noopener\">Legu la aprilan \u015dercon<\/a>.<\/p>\n","protected":false},"excerpt":{"rendered":"<p>Esperanto restas lingvo de paco, anka\u016d je la 1\u2011a de aprilo Sub la titolo \u201cEsperanto Nederland rifuzas militistan uzadon de Esperanto\u201d ni publikigis aprilan \u015dercon en nia retejo. En tiu artikolo ni rakontis, ke la defendfortoj de E\u016dropo ekuzos Esperanton por la interlanda komunikado. Ene de kelkaj jaroj \u0109iuj militistoj kaj civiluloj \u0109e la Ministerio &hellip; <a href=\"https:\/\/esperanto-nederland.nl\/index.php\/eo\/2026\/03\/28\/milita-uzo-de-esperanto\/\" class=\"more-link\">Verder lezen <span class=\"screen-reader-text\">Lingvo de paco<\/span><\/a><\/p>\n","protected":false},"author":2,"featured_media":0,"comment_status":"closed","ping_status":"closed","sticky":false,"template":"","format":"standard","meta":{"footnotes":""},"categories":[1],"tags":[],"class_list":["post-13025","post","type-post","status-publish","format-standard","hentry","category-novajxoj","without-featured-image"],"_links":{"self":[{"href":"https:\/\/esperanto-nederland.nl\/index.php\/wp-json\/wp\/v2\/posts\/13025","targetHints":{"allow":["GET"]}}],"collection":[{"href":"https:\/\/esperanto-nederland.nl\/index.php\/wp-json\/wp\/v2\/posts"}],"about":[{"href":"https:\/\/esperanto-nederland.nl\/index.php\/wp-json\/wp\/v2\/types\/post"}],"author":[{"embeddable":true,"href":"https:\/\/esperanto-nederland.nl\/index.php\/wp-json\/wp\/v2\/users\/2"}],"replies":[{"embeddable":true,"href":"https:\/\/esperanto-nederland.nl\/index.php\/wp-json\/wp\/v2\/comments?post=13025"}],"version-history":[{"count":14,"href":"https:\/\/esperanto-nederland.nl\/index.php\/wp-json\/wp\/v2\/posts\/13025\/revisions"}],"predecessor-version":[{"id":13389,"href":"https:\/\/esperanto-nederland.nl\/index.php\/wp-json\/wp\/v2\/posts\/13025\/revisions\/13389"}],"wp:attachment":[{"href":"https:\/\/esperanto-nederland.nl\/index.php\/wp-json\/wp\/v2\/media?parent=13025"}],"wp:term":[{"taxonomy":"category","embeddable":true,"href":"https:\/\/esperanto-nederland.nl\/index.php\/wp-json\/wp\/v2\/categories?post=13025"},{"taxonomy":"post_tag","embeddable":true,"href":"https:\/\/esperanto-nederland.nl\/index.php\/wp-json\/wp\/v2\/tags?post=13025"}],"curies":[{"name":"wp","href":"https:\/\/api.w.org\/{rel}","templated":true}]}}