{"id":13352,"date":"2026-04-26T22:03:18","date_gmt":"2026-04-26T20:03:18","guid":{"rendered":"https:\/\/esperanto-nederland.nl\/?p=13352"},"modified":"2026-04-26T22:06:55","modified_gmt":"2026-04-26T20:06:55","slug":"sercu-lingvon-sen-potenco","status":"publish","type":"post","link":"https:\/\/esperanto-nederland.nl\/index.php\/eo\/2026\/04\/26\/sercu-lingvon-sen-potenco\/","title":{"rendered":"Ser\u0109u lingvon sen potenco"},"content":{"rendered":"\n<figure class=\"wp-block-image size-full is-resized\"><img loading=\"lazy\" decoding=\"async\" width=\"500\" height=\"750\" src=\"https:\/\/esperanto-nederland.nl\/wp-content\/uploads\/2026\/04\/Worstelaars-Copilot-500p.jpg\" alt=\"\" class=\"wp-image-13341\" style=\"width:350px\" srcset=\"https:\/\/esperanto-nederland.nl\/wp-content\/uploads\/2026\/04\/Worstelaars-Copilot-500p.jpg 500w, https:\/\/esperanto-nederland.nl\/wp-content\/uploads\/2026\/04\/Worstelaars-Copilot-500p-200x300.jpg 200w, https:\/\/esperanto-nederland.nl\/wp-content\/uploads\/2026\/04\/Worstelaars-Copilot-500p-253x380.jpg 253w\" sizes=\"auto, (max-width: 500px) 100vw, 500px\" \/><figcaption class=\"wp-element-caption\"><em>Bildo: Copilot<\/em><\/figcaption><\/figure>\n\n\n\n<p>En opinia artikolo en <em>Trouw<\/em> de la 21a de aprilo Marc van Oostendorp argumentas, ke la angla estas la lingvo de la potenco. Ne \u0109ar \u011di estus aparte ta\u016dga mondlingvo, sed \u0109ar \u011di historie ligi\u011das al la Brita Imperio kaj poste al la usona superrego. Li ilustras tion per ekzemploj de Donald Trump, kiu uzas la anglan por malgrandigi aliajn kaj konfirmi sian potencon.<\/p>\n\n\n\n<p>La\u016d Marc estas maljuste, ke denaskaj parolantoj de la angla havas avanta\u011don tutmonde. Li demandas sin kial ni da\u016dre akceptas tion. Artefarita inteligenteco, la\u016d li, anka\u016d ne estas solvo.<\/p>\n\n\n\n<p>Marc atentigas la legantojn pri la historio de Esperanto. En tiu lingvo konversacioj okazas surbaze de egaleco, \u0109ar neniu havas \u011din kiel denaskan lingvon. Li ne rekte alvokas uzi Esperanton, sed li opinias, ke ni povas lerni el \u011dia historio. Ni devus pripensi mondlingvon, kiu ne ebligas uzi lingvan superecon por ekzerci potencon super aliaj.<\/p>\n\n\n\n<p>Legu la artikolon en <em>Trouw<\/em>: <em><em><a href=\"https:\/\/www.trouw.nl\/opinie\/opinie-engels-is-de-taal-van-de-macht-maar-waarom-eigenlijk~bac8298b\/\" data-type=\"link\" data-id=\"https:\/\/www.trouw.nl\/opinie\/opinie-engels-is-de-taal-van-de-macht-maar-waarom-eigenlijk~bac8298b\/\" target=\"_blank\" rel=\"noreferrer noopener\">Engels is de taal van de macht. Maar waarom eigenlijk?<\/a><\/em><\/em><\/p>\n\n\n\n<p><em>Prof. dr. M. van Oostendorp estas profesoro \u0109e la Fako pri Modernaj Lingvoj kaj Kulturoj de la Radboud-Universitato kaj prezidanto de Esperanto Nederlando.<\/em><\/p>\n","protected":false},"excerpt":{"rendered":"<p>En opinia artikolo en Trouw de la 21a de aprilo Marc van Oostendorp argumentas, ke la angla estas la lingvo de la potenco. Ne \u0109ar \u011di estus aparte ta\u016dga mondlingvo, sed \u0109ar \u011di historie ligi\u011das al la Brita Imperio kaj poste al la usona superrego. Li ilustras tion per ekzemploj de Donald Trump, kiu uzas &hellip; <a href=\"https:\/\/esperanto-nederland.nl\/index.php\/eo\/2026\/04\/26\/sercu-lingvon-sen-potenco\/\" class=\"more-link\">Verder lezen <span class=\"screen-reader-text\">Ser\u0109u lingvon sen potenco<\/span><\/a><\/p>\n","protected":false},"author":2,"featured_media":0,"comment_status":"closed","ping_status":"closed","sticky":false,"template":"","format":"standard","meta":{"footnotes":""},"categories":[1],"tags":[],"class_list":["post-13352","post","type-post","status-publish","format-standard","hentry","category-novajxoj","without-featured-image"],"_links":{"self":[{"href":"https:\/\/esperanto-nederland.nl\/index.php\/wp-json\/wp\/v2\/posts\/13352","targetHints":{"allow":["GET"]}}],"collection":[{"href":"https:\/\/esperanto-nederland.nl\/index.php\/wp-json\/wp\/v2\/posts"}],"about":[{"href":"https:\/\/esperanto-nederland.nl\/index.php\/wp-json\/wp\/v2\/types\/post"}],"author":[{"embeddable":true,"href":"https:\/\/esperanto-nederland.nl\/index.php\/wp-json\/wp\/v2\/users\/2"}],"replies":[{"embeddable":true,"href":"https:\/\/esperanto-nederland.nl\/index.php\/wp-json\/wp\/v2\/comments?post=13352"}],"version-history":[{"count":3,"href":"https:\/\/esperanto-nederland.nl\/index.php\/wp-json\/wp\/v2\/posts\/13352\/revisions"}],"predecessor-version":[{"id":13358,"href":"https:\/\/esperanto-nederland.nl\/index.php\/wp-json\/wp\/v2\/posts\/13352\/revisions\/13358"}],"wp:attachment":[{"href":"https:\/\/esperanto-nederland.nl\/index.php\/wp-json\/wp\/v2\/media?parent=13352"}],"wp:term":[{"taxonomy":"category","embeddable":true,"href":"https:\/\/esperanto-nederland.nl\/index.php\/wp-json\/wp\/v2\/categories?post=13352"},{"taxonomy":"post_tag","embeddable":true,"href":"https:\/\/esperanto-nederland.nl\/index.php\/wp-json\/wp\/v2\/tags?post=13352"}],"curies":[{"name":"wp","href":"https:\/\/api.w.org\/{rel}","templated":true}]}}