{"id":13373,"date":"2026-04-27T00:17:13","date_gmt":"2026-04-26T22:17:13","guid":{"rendered":"https:\/\/esperanto-nederland.nl\/?p=13373"},"modified":"2026-04-27T00:30:27","modified_gmt":"2026-04-26T22:30:27","slug":"festaj-distingoj-por-marc-van-oostendorp-kaj-kees-neeft","status":"publish","type":"post","link":"https:\/\/esperanto-nederland.nl\/index.php\/eo\/2026\/04\/27\/festaj-distingoj-por-marc-van-oostendorp-kaj-kees-neeft\/","title":{"rendered":"Festaj distingoj por Marc van Oostendorp kaj Kees Neeft"},"content":{"rendered":"\n<p><strong>Kees Neeft kaj Marc van Oostendorp distingitaj dum la jara ceremonio de re\u011daj distingoj 2026 (Lintjesregen 2026).<\/strong><\/p>\n\n\n\n<figure class=\"wp-block-image size-large is-resized\"><img loading=\"lazy\" decoding=\"async\" width=\"1024\" height=\"809\" src=\"https:\/\/esperanto-nederland.nl\/wp-content\/uploads\/2026\/04\/Kees-Neeft-en-Marc-van-Oostendorp-foto-Federico-Gobbo-1024x809.jpg\" alt=\"\" class=\"wp-image-13366\" style=\"width:450px\" srcset=\"https:\/\/esperanto-nederland.nl\/wp-content\/uploads\/2026\/04\/Kees-Neeft-en-Marc-van-Oostendorp-foto-Federico-Gobbo-1024x809.jpg 1024w, https:\/\/esperanto-nederland.nl\/wp-content\/uploads\/2026\/04\/Kees-Neeft-en-Marc-van-Oostendorp-foto-Federico-Gobbo-300x237.jpg 300w, https:\/\/esperanto-nederland.nl\/wp-content\/uploads\/2026\/04\/Kees-Neeft-en-Marc-van-Oostendorp-foto-Federico-Gobbo-768x607.jpg 768w, https:\/\/esperanto-nederland.nl\/wp-content\/uploads\/2026\/04\/Kees-Neeft-en-Marc-van-Oostendorp-foto-Federico-Gobbo-481x380.jpg 481w, https:\/\/esperanto-nederland.nl\/wp-content\/uploads\/2026\/04\/Kees-Neeft-en-Marc-van-Oostendorp-foto-Federico-Gobbo.jpg 1413w\" sizes=\"auto, (max-width: 1024px) 100vw, 1024px\" \/><figcaption class=\"wp-element-caption\"><em>Kees Neeft (maldekstre) kaj Marc van Oostendorp (dekstre). <\/em><br><em>Foto: Federico Gobbo<\/em><\/figcaption><\/figure>\n\n\n\n<p>Kun \u011dojo ni informas, ke du estraranoj de Esperanto Nederland, Marc van Oostendorp kaj Kees Neeft, ricevis re\u011dan distingon \u0109i-jare. Amba\u016d jam dum multaj jaroj dedi\u0109as sin kun granda sindono al la lingvo kaj al la komunumo.<\/p>\n\n\n\n<h3 class=\"wp-block-heading\"><strong>Marc van Oostendorp \u2013 Oficiro en la Ordeno de Oranje-Nassau<\/strong><\/h3>\n\n\n\n<p>En Nijmegen Marc ricevis sian distingon el la manoj de urbestro Hubert Bruls. Li estis nomumita Oficiro en la Ordeno de Oranje\u2011Nassau pro sia vasta kaj longda\u016dra enga\u011di\u011do por la nederlanda lingvo. Li estas konata kiel pasia instruisto, kiel homo kiu aktive partoprenas en sociaj diskutoj, kaj kiel sciencisto kiu ser\u0109as la kontakton kun la \u011denerala publiko. En la raportoj oni emfazas lian gravan rolon en malpliigo de la distanco inter scienco kaj socio.<\/p>\n\n\n\n<p>Anka\u016d lia enga\u011di\u011do por Esperanto estas klare menciita kiel parto de liaj meritoj.<\/p>\n\n\n\n<p><em>Fontoj: <em><a href=\"https:\/\/www.ru.nl\/over-ons\/nieuws\/koninklijke-onderscheidingen-voor-radboud-medewerkers-0\" data-type=\"link\" data-id=\"https:\/\/www.ru.nl\/over-ons\/nieuws\/koninklijke-onderscheidingen-voor-radboud-medewerkers-0\" target=\"_blank\" rel=\"noreferrer noopener\">Radboud Universiteit<\/a>, <a href=\"https:\/\/neerlandistiek.nl\/2026\/04\/marc-van-oostendorp-officier-in-de-orde-van-oranje-nassau\/\" data-type=\"link\" data-id=\"https:\/\/neerlandistiek.nl\/2026\/04\/marc-van-oostendorp-officier-in-de-orde-van-oranje-nassau\/\" target=\"_blank\" rel=\"noreferrer noopener\">Neerlandistiek<\/a><\/em>.<\/em><\/p>\n\n\n\n<h3 class=\"wp-block-heading\"><strong>Kees Neeft \u2013 Re\u011da distingado en Leiderdorp<\/strong><\/h3>\n\n\n\n<p>Urbestro Tjarda Struik de Leiderdorp la\u016ddis Kees Neeft pro lia multjara kaj konsekvenca volontula laboro. \u015ci substrekis lian fortan senton de respondeco kaj lian sindonan \u0109eeston por la homoj \u0109irka\u016d li. En la prizorgodomo Leiterode li dum multaj jaroj estis fidinda gastiganto kaj \u015doforo. Precipe la natureco kaj modesta certeco, kun kiuj li faris \u0109i tiun laboron, karakterizis lin. Krome li dum longa tempo helpis homojn kun ilia impostdeklaro kaj servis kiel kasisto \u0109e la sindikato CNV.<\/p>\n\n\n\n<p><em>Fonto: <a href=\"https:\/\/leiderdorp.parlaeus.nl\/app\/public\/agenda\/aaa02800a08a000202828000a60b1169\" data-type=\"link\" data-id=\"https:\/\/leiderdorp.parlaeus.nl\/app\/public\/agenda\/aaa02800a08a000202828000a60b1169\" target=\"_blank\" rel=\"noreferrer noopener\">Gemeente Leiderdorp<\/a><\/em>.<\/p>\n\n\n\n<h3 class=\"wp-block-heading\"><strong>Korajn gratulojn<\/strong><\/h3>\n\n\n\n<p>Kvankam ne eksplicite menciite de la urbestroj, ni volas atentigi, ke Marc van Oostendorp kaj Kees Neeft anka\u016d senpage kaj kun granda sindono laboras en la estraro de Esperanto Nederland. Ni estas tre dankemaj pro ilia volontula kontribuo al nia asocio. Nome de Esperanto Nederland ni kore gratulas ilin amba\u016d pro \u0109i tiu bela kaj tute meritita rekono.<\/p>\n","protected":false},"excerpt":{"rendered":"<p>Kees Neeft kaj Marc van Oostendorp distingitaj dum la jara ceremonio de re\u011daj distingoj 2026 (Lintjesregen 2026). Kun \u011dojo ni informas, ke du estraranoj de Esperanto Nederland, Marc van Oostendorp kaj Kees Neeft, ricevis re\u011dan distingon \u0109i-jare. Amba\u016d jam dum multaj jaroj dedi\u0109as sin kun granda sindono al la lingvo kaj al la komunumo. Marc &hellip; <a href=\"https:\/\/esperanto-nederland.nl\/index.php\/eo\/2026\/04\/27\/festaj-distingoj-por-marc-van-oostendorp-kaj-kees-neeft\/\" class=\"more-link\">Verder lezen <span class=\"screen-reader-text\">Festaj distingoj por Marc van Oostendorp kaj Kees Neeft<\/span><\/a><\/p>\n","protected":false},"author":2,"featured_media":0,"comment_status":"closed","ping_status":"closed","sticky":false,"template":"","format":"standard","meta":{"footnotes":""},"categories":[1],"tags":[],"class_list":["post-13373","post","type-post","status-publish","format-standard","hentry","category-novajxoj","without-featured-image"],"_links":{"self":[{"href":"https:\/\/esperanto-nederland.nl\/index.php\/wp-json\/wp\/v2\/posts\/13373","targetHints":{"allow":["GET"]}}],"collection":[{"href":"https:\/\/esperanto-nederland.nl\/index.php\/wp-json\/wp\/v2\/posts"}],"about":[{"href":"https:\/\/esperanto-nederland.nl\/index.php\/wp-json\/wp\/v2\/types\/post"}],"author":[{"embeddable":true,"href":"https:\/\/esperanto-nederland.nl\/index.php\/wp-json\/wp\/v2\/users\/2"}],"replies":[{"embeddable":true,"href":"https:\/\/esperanto-nederland.nl\/index.php\/wp-json\/wp\/v2\/comments?post=13373"}],"version-history":[{"count":5,"href":"https:\/\/esperanto-nederland.nl\/index.php\/wp-json\/wp\/v2\/posts\/13373\/revisions"}],"predecessor-version":[{"id":13386,"href":"https:\/\/esperanto-nederland.nl\/index.php\/wp-json\/wp\/v2\/posts\/13373\/revisions\/13386"}],"wp:attachment":[{"href":"https:\/\/esperanto-nederland.nl\/index.php\/wp-json\/wp\/v2\/media?parent=13373"}],"wp:term":[{"taxonomy":"category","embeddable":true,"href":"https:\/\/esperanto-nederland.nl\/index.php\/wp-json\/wp\/v2\/categories?post=13373"},{"taxonomy":"post_tag","embeddable":true,"href":"https:\/\/esperanto-nederland.nl\/index.php\/wp-json\/wp\/v2\/tags?post=13373"}],"curies":[{"name":"wp","href":"https:\/\/api.w.org\/{rel}","templated":true}]}}